{"id":834,"date":"2010-04-24T16:48:54","date_gmt":"2010-04-24T08:48:54","guid":{"rendered":"http:\/\/peepor.net\/pint\/blog\/?p=834"},"modified":"2013-12-27T08:47:07","modified_gmt":"2013-12-27T00:47:07","slug":"schwarz-ist-meine-lieblingsfarbe","status":"publish","type":"post","link":"https:\/\/peepor.net\/pint\/blog\/?p=834","title":{"rendered":"Schwarz ist meine Lieblingsfarbe"},"content":{"rendered":"<p><span style=\"font-size: large;\"><em><img loading=\"lazy\" decoding=\"async\" title=\"Blackle\" alt=\"Blackle\" src=\"https:\/\/peepor.net\/pint\/blog\/wp-content\/uploads\/2010\/04\/blackle-300x189.jpg\" width=\"650\" height=\"410\" \/><\/em><\/span><\/p>\n<p style=\"text-align: justify;\">Manche Leute sagen, dass diese Farbe die Dunkelheit und das \u00dcbel symbolisiert. Hexen und Zauberer tragen immer etwas Schwarzes, und wenn die Nacht kommt, kann man nicht so klar sehen. Aber ohne Schwarz kann die Reinheit von Wei\u00df nicht scheinen; ohne den dunklen Himmel k\u00f6nnen die Sterne und der Mond nicht so hell scheinen. Wir brauchen die Farbe Schwarz, um das Gute besser und klarer zu sehen.<\/p>\n<p style=\"text-align: justify;\"><!--more--><\/p>\n<p style=\"text-align: justify;\">Manche Leute glauben, dass diese Farbe Ungl\u00fcck bedeutet. M\u00e4nner tragen immer schwarze Kleidung, wenn sie ein Begr\u00e4bnis besuchen. Man darf w\u00e4hrend des Chinesischen Neuen Jahres keine schwarze Kleidung tragen, wenn sie Verwandte besuchen. Aber diese Farbe wird \u00fcberall benutzt &#8211; als Fassungen eines iPods, Fernsehers, Monitos, Handys, und so weiter. Diese Farbe gibt ein geheimnisvolles sowie elegantes Gef\u00fchl, sodass man Ger\u00e4te in dieser Farbe \u00fcberall hin mitnehmen will.<\/p>\n<p style=\"text-align: justify;\">Manche Leute finden, dass diese Farbe schmutzig ist. Die Luftverschmutzung besteht aus Dreck, der schwarz ist. Der Rauch aus dem Auto hat auch die gleiche Farbe. Aber f\u00fcr mich ist Schwarz die Farbe der Natur, weil meine Haare und Augen schwarz sind. Wir schlafen in der dunklen Nacht, weil das uns einen ruhigeren Schlaf gibt.<\/p>\n<p style=\"text-align: justify;\">Ich hoffe, dass Sie mir zustimmen werden.<\/p>\n<p style=\"text-align: justify;\">Benutzen Sie bitte dann &#8216;<span style=\"text-decoration: underline;\"><strong><a title=\"Blackle\" href=\"http:\/\/www.blackle.com\/\" target=\"_blank\">Blackle<\/a><\/strong><\/span>&#8216;, besonders wenn Sie noch einen CRT Monitor haben, weil der beim Energiesparen helfen kann.<\/p>\n<div id=\"wp_fb_like_button\" style=\"margin:5px 5px 5px 0;float:left;height:40px;\"><script src=\"https:\/\/connect.facebook.net\/en_US\/all.js#xfbml=1\"><\/script><fb:like href=\"https:\/\/peepor.net\/pint\/blog\/?p=834\" send=\"true\" layout=\"button_count\" width=\"450\" show_faces=\"true\" font=\"verdana\" action=\"like\" colorscheme=\"light\"><\/fb:like><\/div>","protected":false},"excerpt":{"rendered":"<p>Manche Leute sagen, dass diese Farbe die Dunkelheit und das \u00dcbel symbolisiert. Hexen und Zauberer tragen immer etwas Schwarzes, und wenn die Nacht kommt, kann man nicht so klar sehen. Aber ohne Schwarz kann die Reinheit von Wei\u00df nicht scheinen; &hellip; <a href=\"https:\/\/peepor.net\/pint\/blog\/?p=834\">Read more<\/a><\/p>\n","protected":false},"author":3,"featured_media":0,"comment_status":"open","ping_status":"open","sticky":false,"template":"","format":"standard","meta":{"_monsterinsights_skip_tracking":false,"footnotes":""},"categories":[74],"tags":[306],"class_list":["post-834","post","type-post","status-publish","format-standard","hentry","category-meindeutschestagebuch","tag-black"],"aioseo_notices":[],"aioseo_head":"\n\t\t<!-- All in One SEO 5.0.1.1 - aioseo.com -->\n\t<meta name=\"description\" content=\"Manche Leute sagen, dass diese Farbe die Dunkelheit und das \u00dcbel symbolisiert. Hexen und Zauberer tragen immer etwas Schwarzes, und wenn die Nacht kommt, kann man nicht so klar sehen. Aber ohne Schwarz kann die Reinheit von Wei\u00df nicht scheinen; ohne den dunklen Himmel k\u00f6nnen die Sterne und der Mond nicht so hell scheinen. Wir\" \/>\n\t<meta name=\"robots\" content=\"max-image-preview:large\" \/>\n\t<meta name=\"author\" content=\"cllism\"\/>\n\t<link rel=\"canonical\" href=\"https:\/\/peepor.net\/pint\/blog\/?p=834\" \/>\n\t<meta name=\"generator\" content=\"All in One SEO (AIOSEO) 5.0.1.1\" \/>\n\t\t<meta property=\"og:locale\" content=\"en_US\" \/>\n\t\t<meta property=\"og:site_name\" content=\"Hungry Peepor - Munching into all things new &amp; interesting\" \/>\n\t\t<meta property=\"og:type\" content=\"article\" \/>\n\t\t<meta property=\"og:title\" content=\"Schwarz ist meine Lieblingsfarbe - Hungry Peepor\" \/>\n\t\t<meta property=\"og:description\" content=\"Manche Leute sagen, dass diese Farbe die Dunkelheit und das \u00dcbel symbolisiert. Hexen und Zauberer tragen immer etwas Schwarzes, und wenn die Nacht kommt, kann man nicht so klar sehen. Aber ohne Schwarz kann die Reinheit von Wei\u00df nicht scheinen; ohne den dunklen Himmel k\u00f6nnen die Sterne und der Mond nicht so hell scheinen. Wir\" \/>\n\t\t<meta property=\"og:url\" content=\"https:\/\/peepor.net\/pint\/blog\/?p=834\" \/>\n\t\t<meta property=\"article:published_time\" content=\"2010-04-24T08:48:54+00:00\" \/>\n\t\t<meta property=\"article:modified_time\" content=\"2013-12-27T00:47:07+00:00\" \/>\n\t\t<meta name=\"twitter:card\" content=\"summary_large_image\" \/>\n\t\t<meta name=\"twitter:title\" content=\"Schwarz ist meine Lieblingsfarbe - Hungry Peepor\" \/>\n\t\t<meta name=\"twitter:description\" content=\"Manche Leute sagen, dass diese Farbe die Dunkelheit und das \u00dcbel symbolisiert. Hexen und Zauberer tragen immer etwas Schwarzes, und wenn die Nacht kommt, kann man nicht so klar sehen. Aber ohne Schwarz kann die Reinheit von Wei\u00df nicht scheinen; ohne den dunklen Himmel k\u00f6nnen die Sterne und der Mond nicht so hell scheinen. Wir\" \/>\n\t\t<script type=\"application\/ld+json\" class=\"aioseo-schema\">\n\t\t\t{\"@context\":\"https:\\\/\\\/schema.org\",\"@graph\":[{\"@type\":\"BlogPosting\",\"@id\":\"https:\\\/\\\/peepor.net\\\/pint\\\/blog\\\/?p=834#blogposting\",\"name\":\"Schwarz ist meine Lieblingsfarbe - Hungry Peepor\",\"headline\":\"Schwarz ist meine Lieblingsfarbe\",\"author\":{\"@id\":\"https:\\\/\\\/peepor.net\\\/pint\\\/blog\\\/?author=3#author\"},\"publisher\":{\"@id\":\"https:\\\/\\\/peepor.net\\\/pint\\\/blog\\\/#organization\"},\"image\":{\"@type\":\"ImageObject\",\"url\":\"http:\\\/\\\/peepor.net\\\/pint\\\/blog\\\/wp-content\\\/uploads\\\/2010\\\/04\\\/blackle-300x189.jpg\",\"@id\":\"https:\\\/\\\/peepor.net\\\/pint\\\/blog\\\/?p=834\\\/#articleImage\"},\"datePublished\":\"2010-04-24T16:48:54+08:00\",\"dateModified\":\"2013-12-27T08:47:07+08:00\",\"inLanguage\":\"en-US\",\"mainEntityOfPage\":{\"@id\":\"https:\\\/\\\/peepor.net\\\/pint\\\/blog\\\/?p=834#webpage\"},\"isPartOf\":{\"@id\":\"https:\\\/\\\/peepor.net\\\/pint\\\/blog\\\/?p=834#webpage\"},\"articleSection\":\"Mein deutsches Tagebuch, Black\"},{\"@type\":\"BreadcrumbList\",\"@id\":\"https:\\\/\\\/peepor.net\\\/pint\\\/blog\\\/?p=834#breadcrumblist\",\"itemListElement\":[{\"@type\":\"ListItem\",\"@id\":\"https:\\\/\\\/peepor.net\\\/pint\\\/blog#listItem\",\"position\":1,\"name\":\"Home\",\"item\":\"https:\\\/\\\/peepor.net\\\/pint\\\/blog\",\"nextItem\":{\"@type\":\"ListItem\",\"@id\":\"https:\\\/\\\/peepor.net\\\/pint\\\/blog\\\/?cat=71#listItem\",\"name\":\"Journal\"}},{\"@type\":\"ListItem\",\"@id\":\"https:\\\/\\\/peepor.net\\\/pint\\\/blog\\\/?cat=71#listItem\",\"position\":2,\"name\":\"Journal\",\"item\":\"https:\\\/\\\/peepor.net\\\/pint\\\/blog\\\/?cat=71\",\"nextItem\":{\"@type\":\"ListItem\",\"@id\":\"https:\\\/\\\/peepor.net\\\/pint\\\/blog\\\/?cat=150#listItem\",\"name\":\"Mind Your Language\"},\"previousItem\":{\"@type\":\"ListItem\",\"@id\":\"https:\\\/\\\/peepor.net\\\/pint\\\/blog#listItem\",\"name\":\"Home\"}},{\"@type\":\"ListItem\",\"@id\":\"https:\\\/\\\/peepor.net\\\/pint\\\/blog\\\/?cat=150#listItem\",\"position\":3,\"name\":\"Mind Your Language\",\"item\":\"https:\\\/\\\/peepor.net\\\/pint\\\/blog\\\/?cat=150\",\"nextItem\":{\"@type\":\"ListItem\",\"@id\":\"https:\\\/\\\/peepor.net\\\/pint\\\/blog\\\/?cat=74#listItem\",\"name\":\"Mein deutsches Tagebuch\"},\"previousItem\":{\"@type\":\"ListItem\",\"@id\":\"https:\\\/\\\/peepor.net\\\/pint\\\/blog\\\/?cat=71#listItem\",\"name\":\"Journal\"}},{\"@type\":\"ListItem\",\"@id\":\"https:\\\/\\\/peepor.net\\\/pint\\\/blog\\\/?cat=74#listItem\",\"position\":4,\"name\":\"Mein deutsches Tagebuch\",\"item\":\"https:\\\/\\\/peepor.net\\\/pint\\\/blog\\\/?cat=74\",\"nextItem\":{\"@type\":\"ListItem\",\"@id\":\"https:\\\/\\\/peepor.net\\\/pint\\\/blog\\\/?p=834#listItem\",\"name\":\"Schwarz ist meine Lieblingsfarbe\"},\"previousItem\":{\"@type\":\"ListItem\",\"@id\":\"https:\\\/\\\/peepor.net\\\/pint\\\/blog\\\/?cat=150#listItem\",\"name\":\"Mind Your Language\"}},{\"@type\":\"ListItem\",\"@id\":\"https:\\\/\\\/peepor.net\\\/pint\\\/blog\\\/?p=834#listItem\",\"position\":5,\"name\":\"Schwarz ist meine Lieblingsfarbe\",\"previousItem\":{\"@type\":\"ListItem\",\"@id\":\"https:\\\/\\\/peepor.net\\\/pint\\\/blog\\\/?cat=74#listItem\",\"name\":\"Mein deutsches Tagebuch\"}}]},{\"@type\":\"Organization\",\"@id\":\"https:\\\/\\\/peepor.net\\\/pint\\\/blog\\\/#organization\",\"name\":\"Hungry Peepor\",\"description\":\"Munching into all things new & interesting\",\"url\":\"https:\\\/\\\/peepor.net\\\/pint\\\/blog\\\/\"},{\"@type\":\"Person\",\"@id\":\"https:\\\/\\\/peepor.net\\\/pint\\\/blog\\\/?author=3#author\",\"url\":\"https:\\\/\\\/peepor.net\\\/pint\\\/blog\\\/?author=3\",\"name\":\"cllism\",\"image\":{\"@type\":\"ImageObject\",\"@id\":\"https:\\\/\\\/peepor.net\\\/pint\\\/blog\\\/?p=834#authorImage\",\"url\":\"https:\\\/\\\/secure.gravatar.com\\\/avatar\\\/7de71edd31fc9a0b85da9b95c7683369977392873e56b9e144e992168a23cc97?s=96&d=mm&r=g\",\"width\":96,\"height\":96,\"caption\":\"cllism\"}},{\"@type\":\"WebPage\",\"@id\":\"https:\\\/\\\/peepor.net\\\/pint\\\/blog\\\/?p=834#webpage\",\"url\":\"https:\\\/\\\/peepor.net\\\/pint\\\/blog\\\/?p=834\",\"name\":\"Schwarz ist meine Lieblingsfarbe - Hungry Peepor\",\"description\":\"Manche Leute sagen, dass diese Farbe die Dunkelheit und das \\u00dcbel symbolisiert. Hexen und Zauberer tragen immer etwas Schwarzes, und wenn die Nacht kommt, kann man nicht so klar sehen. Aber ohne Schwarz kann die Reinheit von Wei\\u00df nicht scheinen; ohne den dunklen Himmel k\\u00f6nnen die Sterne und der Mond nicht so hell scheinen. Wir\",\"inLanguage\":\"en-US\",\"isPartOf\":{\"@id\":\"https:\\\/\\\/peepor.net\\\/pint\\\/blog\\\/#website\"},\"breadcrumb\":{\"@id\":\"https:\\\/\\\/peepor.net\\\/pint\\\/blog\\\/?p=834#breadcrumblist\"},\"author\":{\"@id\":\"https:\\\/\\\/peepor.net\\\/pint\\\/blog\\\/?author=3#author\"},\"creator\":{\"@id\":\"https:\\\/\\\/peepor.net\\\/pint\\\/blog\\\/?author=3#author\"},\"datePublished\":\"2010-04-24T16:48:54+08:00\",\"dateModified\":\"2013-12-27T08:47:07+08:00\"},{\"@type\":\"WebSite\",\"@id\":\"https:\\\/\\\/peepor.net\\\/pint\\\/blog\\\/#website\",\"url\":\"https:\\\/\\\/peepor.net\\\/pint\\\/blog\\\/\",\"name\":\"Hungry Peepor\",\"description\":\"Munching into all things new & interesting\",\"inLanguage\":\"en-US\",\"publisher\":{\"@id\":\"https:\\\/\\\/peepor.net\\\/pint\\\/blog\\\/#organization\"}}]}\n\t\t<\/script>\n\t\t<!-- All in One SEO -->\n\n","aioseo_head_json":{"title":"Schwarz ist meine Lieblingsfarbe - Hungry Peepor","description":"Manche Leute sagen, dass diese Farbe die Dunkelheit und das \u00dcbel symbolisiert. Hexen und Zauberer tragen immer etwas Schwarzes, und wenn die Nacht kommt, kann man nicht so klar sehen. Aber ohne Schwarz kann die Reinheit von Wei\u00df nicht scheinen; ohne den dunklen Himmel k\u00f6nnen die Sterne und der Mond nicht so hell scheinen. Wir","canonical_url":"https:\/\/peepor.net\/pint\/blog\/?p=834","robots":"max-image-preview:large","keywords":"","webmasterTools":{"miscellaneous":""},"schema":{"@context":"https:\/\/schema.org","@graph":[{"@type":"BlogPosting","@id":"https:\/\/peepor.net\/pint\/blog\/?p=834#blogposting","name":"Schwarz ist meine Lieblingsfarbe - Hungry Peepor","headline":"Schwarz ist meine Lieblingsfarbe","author":{"@id":"https:\/\/peepor.net\/pint\/blog\/?author=3#author"},"publisher":{"@id":"https:\/\/peepor.net\/pint\/blog\/#organization"},"image":{"@type":"ImageObject","url":"http:\/\/peepor.net\/pint\/blog\/wp-content\/uploads\/2010\/04\/blackle-300x189.jpg","@id":"https:\/\/peepor.net\/pint\/blog\/?p=834\/#articleImage"},"datePublished":"2010-04-24T16:48:54+08:00","dateModified":"2013-12-27T08:47:07+08:00","inLanguage":"en-US","mainEntityOfPage":{"@id":"https:\/\/peepor.net\/pint\/blog\/?p=834#webpage"},"isPartOf":{"@id":"https:\/\/peepor.net\/pint\/blog\/?p=834#webpage"},"articleSection":"Mein deutsches Tagebuch, Black"},{"@type":"BreadcrumbList","@id":"https:\/\/peepor.net\/pint\/blog\/?p=834#breadcrumblist","itemListElement":[{"@type":"ListItem","@id":"https:\/\/peepor.net\/pint\/blog#listItem","position":1,"name":"Home","item":"https:\/\/peepor.net\/pint\/blog","nextItem":{"@type":"ListItem","@id":"https:\/\/peepor.net\/pint\/blog\/?cat=71#listItem","name":"Journal"}},{"@type":"ListItem","@id":"https:\/\/peepor.net\/pint\/blog\/?cat=71#listItem","position":2,"name":"Journal","item":"https:\/\/peepor.net\/pint\/blog\/?cat=71","nextItem":{"@type":"ListItem","@id":"https:\/\/peepor.net\/pint\/blog\/?cat=150#listItem","name":"Mind Your Language"},"previousItem":{"@type":"ListItem","@id":"https:\/\/peepor.net\/pint\/blog#listItem","name":"Home"}},{"@type":"ListItem","@id":"https:\/\/peepor.net\/pint\/blog\/?cat=150#listItem","position":3,"name":"Mind Your Language","item":"https:\/\/peepor.net\/pint\/blog\/?cat=150","nextItem":{"@type":"ListItem","@id":"https:\/\/peepor.net\/pint\/blog\/?cat=74#listItem","name":"Mein deutsches Tagebuch"},"previousItem":{"@type":"ListItem","@id":"https:\/\/peepor.net\/pint\/blog\/?cat=71#listItem","name":"Journal"}},{"@type":"ListItem","@id":"https:\/\/peepor.net\/pint\/blog\/?cat=74#listItem","position":4,"name":"Mein deutsches Tagebuch","item":"https:\/\/peepor.net\/pint\/blog\/?cat=74","nextItem":{"@type":"ListItem","@id":"https:\/\/peepor.net\/pint\/blog\/?p=834#listItem","name":"Schwarz ist meine Lieblingsfarbe"},"previousItem":{"@type":"ListItem","@id":"https:\/\/peepor.net\/pint\/blog\/?cat=150#listItem","name":"Mind Your Language"}},{"@type":"ListItem","@id":"https:\/\/peepor.net\/pint\/blog\/?p=834#listItem","position":5,"name":"Schwarz ist meine Lieblingsfarbe","previousItem":{"@type":"ListItem","@id":"https:\/\/peepor.net\/pint\/blog\/?cat=74#listItem","name":"Mein deutsches Tagebuch"}}]},{"@type":"Organization","@id":"https:\/\/peepor.net\/pint\/blog\/#organization","name":"Hungry Peepor","description":"Munching into all things new & interesting","url":"https:\/\/peepor.net\/pint\/blog\/"},{"@type":"Person","@id":"https:\/\/peepor.net\/pint\/blog\/?author=3#author","url":"https:\/\/peepor.net\/pint\/blog\/?author=3","name":"cllism","image":{"@type":"ImageObject","@id":"https:\/\/peepor.net\/pint\/blog\/?p=834#authorImage","url":"https:\/\/secure.gravatar.com\/avatar\/7de71edd31fc9a0b85da9b95c7683369977392873e56b9e144e992168a23cc97?s=96&d=mm&r=g","width":96,"height":96,"caption":"cllism"}},{"@type":"WebPage","@id":"https:\/\/peepor.net\/pint\/blog\/?p=834#webpage","url":"https:\/\/peepor.net\/pint\/blog\/?p=834","name":"Schwarz ist meine Lieblingsfarbe - Hungry Peepor","description":"Manche Leute sagen, dass diese Farbe die Dunkelheit und das \u00dcbel symbolisiert. Hexen und Zauberer tragen immer etwas Schwarzes, und wenn die Nacht kommt, kann man nicht so klar sehen. Aber ohne Schwarz kann die Reinheit von Wei\u00df nicht scheinen; ohne den dunklen Himmel k\u00f6nnen die Sterne und der Mond nicht so hell scheinen. Wir","inLanguage":"en-US","isPartOf":{"@id":"https:\/\/peepor.net\/pint\/blog\/#website"},"breadcrumb":{"@id":"https:\/\/peepor.net\/pint\/blog\/?p=834#breadcrumblist"},"author":{"@id":"https:\/\/peepor.net\/pint\/blog\/?author=3#author"},"creator":{"@id":"https:\/\/peepor.net\/pint\/blog\/?author=3#author"},"datePublished":"2010-04-24T16:48:54+08:00","dateModified":"2013-12-27T08:47:07+08:00"},{"@type":"WebSite","@id":"https:\/\/peepor.net\/pint\/blog\/#website","url":"https:\/\/peepor.net\/pint\/blog\/","name":"Hungry Peepor","description":"Munching into all things new & interesting","inLanguage":"en-US","publisher":{"@id":"https:\/\/peepor.net\/pint\/blog\/#organization"}}]},"og:locale":"en_US","og:site_name":"Hungry Peepor - Munching into all things new &amp; interesting","og:type":"article","og:title":"Schwarz ist meine Lieblingsfarbe - Hungry Peepor","og:description":"Manche Leute sagen, dass diese Farbe die Dunkelheit und das \u00dcbel symbolisiert. Hexen und Zauberer tragen immer etwas Schwarzes, und wenn die Nacht kommt, kann man nicht so klar sehen. Aber ohne Schwarz kann die Reinheit von Wei\u00df nicht scheinen; ohne den dunklen Himmel k\u00f6nnen die Sterne und der Mond nicht so hell scheinen. Wir","og:url":"https:\/\/peepor.net\/pint\/blog\/?p=834","article:published_time":"2010-04-24T08:48:54+00:00","article:modified_time":"2013-12-27T00:47:07+00:00","twitter:card":"summary_large_image","twitter:title":"Schwarz ist meine Lieblingsfarbe - Hungry Peepor","twitter:description":"Manche Leute sagen, dass diese Farbe die Dunkelheit und das \u00dcbel symbolisiert. Hexen und Zauberer tragen immer etwas Schwarzes, und wenn die Nacht kommt, kann man nicht so klar sehen. Aber ohne Schwarz kann die Reinheit von Wei\u00df nicht scheinen; ohne den dunklen Himmel k\u00f6nnen die Sterne und der Mond nicht so hell scheinen. Wir"},"aioseo_meta_data":{"post_id":"834","title":null,"description":null,"keywords":null,"keyphrases":null,"primary_term":null,"canonical_url":null,"og_title":null,"og_description":null,"og_object_type":"default","og_image_type":"default","og_image_url":null,"og_image_width":null,"og_image_height":null,"og_image_custom_url":null,"og_image_custom_fields":null,"og_video":null,"og_custom_url":null,"og_article_section":null,"og_article_tags":null,"twitter_use_og":false,"twitter_card":"default","twitter_image_type":"default","twitter_image_url":null,"twitter_image_custom_url":null,"twitter_image_custom_fields":null,"twitter_title":null,"twitter_description":null,"schema":{"blockGraphs":[],"customGraphs":[],"default":{"data":{"Article":[],"Course":[],"Dataset":[],"FAQPage":[],"Movie":[],"Person":[],"Product":[],"ProductReview":[],"Car":[],"Recipe":[],"Service":[],"SoftwareApplication":[],"WebPage":[]},"graphName":"","isEnabled":true},"graphs":[]},"schema_type":"default","schema_type_options":null,"pillar_content":false,"robots_default":true,"robots_noindex":false,"robots_noarchive":false,"robots_nosnippet":false,"robots_nofollow":false,"robots_noimageindex":false,"robots_noodp":false,"robots_notranslate":false,"robots_max_snippet":null,"robots_max_videopreview":null,"robots_max_imagepreview":"large","priority":null,"frequency":null,"local_seo":null,"breadcrumb_settings":null,"limit_modified_date":false,"ai":null,"created":"2024-10-03 20:07:37","updated":"2025-06-08 12:18:06","seo_analyzer_scan_date":null,"focus_keyword":null,"additional_keywords":null,"truseo_locale":null},"aioseo_breadcrumb":"<div class=\"aioseo-breadcrumbs\"><span class=\"aioseo-breadcrumb\">\n\t\t\t<a href=\"https:\/\/peepor.net\/pint\/blog\" title=\"Home\">Home<\/a>\n\t\t<\/span><span class=\"aioseo-breadcrumb-separator\">&raquo;<\/span><span class=\"aioseo-breadcrumb\">\n\t\t\t<a href=\"https:\/\/peepor.net\/pint\/blog\/?cat=71\" title=\"Journal\">Journal<\/a>\n\t\t<\/span><span class=\"aioseo-breadcrumb-separator\">&raquo;<\/span><span class=\"aioseo-breadcrumb\">\n\t\t\t<a href=\"https:\/\/peepor.net\/pint\/blog\/?cat=150\" title=\"Mind Your Language\">Mind Your Language<\/a>\n\t\t<\/span><span class=\"aioseo-breadcrumb-separator\">&raquo;<\/span><span class=\"aioseo-breadcrumb\">\n\t\t\t<a href=\"https:\/\/peepor.net\/pint\/blog\/?cat=74\" title=\"Mein deutsches Tagebuch\">Mein deutsches Tagebuch<\/a>\n\t\t<\/span><span class=\"aioseo-breadcrumb-separator\">&raquo;<\/span><span class=\"aioseo-breadcrumb\">\n\t\t\tSchwarz ist meine Lieblingsfarbe\n\t\t<\/span><\/div>","aioseo_breadcrumb_json":[{"label":"Home","link":"https:\/\/peepor.net\/pint\/blog"},{"label":"Journal","link":"https:\/\/peepor.net\/pint\/blog\/?cat=71"},{"label":"Mind Your Language","link":"https:\/\/peepor.net\/pint\/blog\/?cat=150"},{"label":"Mein deutsches Tagebuch","link":"https:\/\/peepor.net\/pint\/blog\/?cat=74"},{"label":"Schwarz ist meine Lieblingsfarbe","link":"https:\/\/peepor.net\/pint\/blog\/?p=834"}],"_links":{"self":[{"href":"https:\/\/peepor.net\/pint\/blog\/index.php?rest_route=\/wp\/v2\/posts\/834","targetHints":{"allow":["GET"]}}],"collection":[{"href":"https:\/\/peepor.net\/pint\/blog\/index.php?rest_route=\/wp\/v2\/posts"}],"about":[{"href":"https:\/\/peepor.net\/pint\/blog\/index.php?rest_route=\/wp\/v2\/types\/post"}],"author":[{"embeddable":true,"href":"https:\/\/peepor.net\/pint\/blog\/index.php?rest_route=\/wp\/v2\/users\/3"}],"replies":[{"embeddable":true,"href":"https:\/\/peepor.net\/pint\/blog\/index.php?rest_route=%2Fwp%2Fv2%2Fcomments&post=834"}],"version-history":[{"count":10,"href":"https:\/\/peepor.net\/pint\/blog\/index.php?rest_route=\/wp\/v2\/posts\/834\/revisions"}],"predecessor-version":[{"id":6501,"href":"https:\/\/peepor.net\/pint\/blog\/index.php?rest_route=\/wp\/v2\/posts\/834\/revisions\/6501"}],"wp:attachment":[{"href":"https:\/\/peepor.net\/pint\/blog\/index.php?rest_route=%2Fwp%2Fv2%2Fmedia&parent=834"}],"wp:term":[{"taxonomy":"category","embeddable":true,"href":"https:\/\/peepor.net\/pint\/blog\/index.php?rest_route=%2Fwp%2Fv2%2Fcategories&post=834"},{"taxonomy":"post_tag","embeddable":true,"href":"https:\/\/peepor.net\/pint\/blog\/index.php?rest_route=%2Fwp%2Fv2%2Ftags&post=834"}],"curies":[{"name":"wp","href":"https:\/\/api.w.org\/{rel}","templated":true}]}}